{"id":519,"date":"2021-05-13T15:26:31","date_gmt":"2021-05-13T15:26:31","guid":{"rendered":"https:\/\/agraf.co\/?p=519"},"modified":"2024-07-30T19:36:44","modified_gmt":"2024-07-30T19:36:44","slug":"orgulloso-ganadores-del-premio-andigraf","status":"publish","type":"post","link":"https:\/\/agraf.co\/index.php\/2021\/05\/13\/orgulloso-ganadores-del-premio-andigraf\/","title":{"rendered":"\u00bfQu\u00e9 es Andigraf y los Ganadores del Premio Andigraf?"},"content":{"rendered":"\t\t<div data-elementor-type=\"wp-post\" data-elementor-id=\"519\" class=\"elementor elementor-519\" data-elementor-post-type=\"post\">\n\t\t\t\t<div class=\"elementor-element elementor-element-da5a2eb e-flex e-con-boxed e-con e-parent\" data-id=\"da5a2eb\" data-element_type=\"container\" data-e-type=\"container\">\n\t\t\t\t\t<div class=\"e-con-inner\">\n\t\t\t\t<div class=\"elementor-element elementor-element-80fd33c elementor-widget elementor-widget-text-editor\" data-id=\"80fd33c\" data-element_type=\"widget\" data-e-type=\"widget\" data-widget_type=\"text-editor.default\">\n\t\t\t\t<div class=\"elementor-widget-container\">\n\t\t\t\t\t\t\t\t\t<p class=\"p2\">Andigraf, la Asociaci\u00f3n Colombiana de la Industria de la Comunicaci\u00f3n Gr\u00e1fica, es una organizaci\u00f3n emblem\u00e1tica que re\u00fane a las empresas del sector gr\u00e1fico en Colombia. Pero, \u00bfqu\u00e9 significa realmente Andigraf y cu\u00e1l es su relevancia en el \u00e1mbito de la comunicaci\u00f3n gr\u00e1fica?<\/p>\t\t\t\t\t\t\t\t<\/div>\n\t\t\t\t<\/div>\n\t\t\t\t<div class=\"elementor-element elementor-element-bde8d5d elementor-widget elementor-widget-heading\" data-id=\"bde8d5d\" data-element_type=\"widget\" data-e-type=\"widget\" data-widget_type=\"heading.default\">\n\t\t\t\t<div class=\"elementor-widget-container\">\n\t\t\t\t\t<h2 class=\"elementor-heading-title elementor-size-default\">Descubriendo Andigraf: La Esencia de la Comunicaci\u00f3n Gr\u00e1fica<\/h2>\t\t\t\t<\/div>\n\t\t\t\t<\/div>\n\t\t\t\t<div class=\"elementor-element elementor-element-df1fb1c elementor-widget elementor-widget-text-editor\" data-id=\"df1fb1c\" data-element_type=\"widget\" data-e-type=\"widget\" data-widget_type=\"text-editor.default\">\n\t\t\t\t<div class=\"elementor-widget-container\">\n\t\t\t\t\t\t\t\t\t<p>Andigraf no es solo una asociaci\u00f3n, es el epicentro de la excelencia en la industria gr\u00e1fica colombiana. Su misi\u00f3n es promover y destacar la calidad y la innovaci\u00f3n en la comunicaci\u00f3n visual a trav\u00e9s de la celebraci\u00f3n del Premio Andigraf, un certamen que reconoce las piezas gr\u00e1ficas m\u00e1s destacadas del pa\u00eds.<\/p><p><strong>El Premio Andigraf: Celebrando la Excelencia en la Comunicaci\u00f3n Gr\u00e1fica<\/strong><\/p><p>Cada a\u00f1o, Andigraf recibe m\u00e1s de 300 piezas provenientes de diferentes regiones de Colombia, las cuales compiten en dos categor\u00edas principales:<\/p><p>Categor\u00edas del Premio Andigraf<\/p><ul><li><strong>\u00a0\u00a0\u00a0\u00a0\u00a0\u00a0\u00a0\u00a0\u00a0\u00a0\u00a0\u00a0\u00a0\u00a0\u00a0\u00a0\u00a0\u00a0\u00a0\u00a0\u00a0\u00a0\u00a0 <\/strong><strong>Categor\u00eda 1 a la 24<\/strong>: Esta categor\u00eda eval\u00faa la calidad del arte y del dise\u00f1o, la calidad de la impresi\u00f3n, la preimpresi\u00f3n y los acabados finales de las piezas gr\u00e1ficas.<\/li><li><strong>\u00a0\u00a0\u00a0\u00a0\u00a0\u00a0\u00a0\u00a0\u00a0\u00a0\u00a0\u00a0\u00a0\u00a0\u00a0\u00a0\u00a0\u00a0\u00a0\u00a0\u00a0\u00a0\u00a0 <\/strong><strong>Categor\u00eda 25 y 26<\/strong>: Aqu\u00ed se valora el dise\u00f1o, el impacto visual, los materiales utilizados, el proceso productivo y la calidad de la impresi\u00f3n de las piezas.<\/li><\/ul><p><strong>Reconociendo a los Ganadores del Premio Andigraf<\/strong><\/p><p>Agraf Industrial, una empresa l\u00edder en el sector de empaques flexibles, ha logrado destacarse en el Premio Andigraf, obteniendo el prestigioso galard\u00f3n &#8220;Lo Mejor de Lo Mejor del A\u00f1o&#8221; en varias ocasiones. Algunos de los reconocimientos m\u00e1s destacados incluyen:<\/p><ul><li><strong>Lo mejor del a\u00f1o 2014 \u2013 2015<\/strong>: INCAUCA LIGHT GREEN X 750 Gr. Empaques flexibles BANDA ANCHA.<\/li><li><strong>Lo mejor del a\u00f1o 2015 -2016<\/strong>: DOYPACK ICE TEA MANZANA Empaques flexibles BANDA ANCHA.<\/li><li><strong>Lo mejor del a\u00f1o 2017 \u2013 2018<\/strong>: EL GALP\u00d3N\/ LAM SELECT CATS Empaques flexibles BANDA ANCHA.<\/li><\/ul><p><strong>El Compromiso de Agraf Industrial con la Calidad y la Innovaci\u00f3n<\/strong><\/p><p>Estos premios no solo representan el reconocimiento a la excelencia de Agraf Industrial, sino tambi\u00e9n su compromiso continuo con la productividad, competitividad e innovaci\u00f3n en la cadena de valor de las artes gr\u00e1ficas. Los procesos de investigaci\u00f3n y desarrollo de Agraf, junto con el talento humano comprometido, son los pilares que han permitido a la empresa alcanzar estos logros.<\/p><p>En resumen, Andigraf y el Premio Andigraf son testigos del compromiso y la excelencia que caracterizan a Agraf Industrial y a toda la industria gr\u00e1fica en Colombia. Estos reconocimientos son m\u00e1s que simples trofeos; son un testimonio del arduo trabajo, la dedicaci\u00f3n y la pasi\u00f3n que impulsa a Agraf y a sus colaboradores a alcanzar la excelencia en cada pieza gr\u00e1fica que producen. \u00bfEst\u00e1s listo para conocer m\u00e1s sobre las soluciones innovadoras de empaques flexibles de Agraf Industrial? \u00a1Cont\u00e1ctanos hoy mismo y descubre c\u00f3mo podemos ayudarte a alcanzar tus objetivos en comunicaci\u00f3n gr\u00e1fica!<\/p>\t\t\t\t\t\t\t\t<\/div>\n\t\t\t\t<\/div>\n\t\t\t\t\t<\/div>\n\t\t\t\t<\/div>\n\t\t<div class=\"elementor-element elementor-element-ad0f540 e-flex e-con-boxed e-con e-parent\" data-id=\"ad0f540\" data-element_type=\"container\" data-e-type=\"container\">\n\t\t\t\t\t<div class=\"e-con-inner\">\n\t\t\t\t<div class=\"elementor-element elementor-element-e000205 elementor-skin-carousel elementor-arrows-yes elementor-pagination-type-bullets elementor-pagination-position-outside elementor-widget elementor-widget-media-carousel\" data-id=\"e000205\" data-element_type=\"widget\" data-e-type=\"widget\" data-settings=\"{&quot;skin&quot;:&quot;carousel&quot;,&quot;effect&quot;:&quot;slide&quot;,&quot;show_arrows&quot;:&quot;yes&quot;,&quot;pagination&quot;:&quot;bullets&quot;,&quot;speed&quot;:500,&quot;autoplay&quot;:&quot;yes&quot;,&quot;autoplay_speed&quot;:5000,&quot;loop&quot;:&quot;yes&quot;,&quot;pause_on_hover&quot;:&quot;yes&quot;,&quot;pause_on_interaction&quot;:&quot;yes&quot;,&quot;space_between&quot;:{&quot;unit&quot;:&quot;px&quot;,&quot;size&quot;:10,&quot;sizes&quot;:[]},&quot;space_between_tablet&quot;:{&quot;unit&quot;:&quot;px&quot;,&quot;size&quot;:10,&quot;sizes&quot;:[]},&quot;space_between_mobile&quot;:{&quot;unit&quot;:&quot;px&quot;,&quot;size&quot;:10,&quot;sizes&quot;:[]}}\" data-widget_type=\"media-carousel.default\">\n\t\t\t\t<div class=\"elementor-widget-container\">\n\t\t\t\t\t\t\t\t\t<div class=\"elementor-swiper\">\n\t\t\t\t\t<div class=\"elementor-main-swiper swiper\" role=\"region\" aria-roledescription=\"carousel\" aria-label=\"Slides\">\n\t\t\t\t<div class=\"swiper-wrapper\">\n\t\t\t\t\t\t\t\t\t\t\t<div class=\"swiper-slide\" role=\"group\" aria-roledescription=\"slide\">\n\t\t\t\t\t\t\t\t\t<div class=\"elementor-carousel-image\" role=\"img\" aria-label=\"Premio ANDIGRAF_1\" style=\"background-image: url(&#039;https:\/\/agraf.co\/wp-content\/uploads\/2021\/10\/MG_7572-scaled.jpg&#039;)\">\n\n\t\t\t\n\t\t\t\t\t<\/div>\n\t\t\t\t\t\t\t\t<\/div>\n\t\t\t\t\t\t\t\t\t\t\t<div class=\"swiper-slide\" role=\"group\" aria-roledescription=\"slide\">\n\t\t\t\t\t\t\t\t\t<div class=\"elementor-carousel-image\" role=\"img\" aria-label=\"Blog_PremioAndigraf1\" style=\"background-image: url(&#039;https:\/\/agraf.co\/wp-content\/uploads\/2024\/07\/Blog_PremioAndigraf1-scaled.jpg&#039;)\">\n\n\t\t\t\n\t\t\t\t\t<\/div>\n\t\t\t\t\t\t\t\t<\/div>\n\t\t\t\t\t\t\t\t\t\t\t<div class=\"swiper-slide\" role=\"group\" aria-roledescription=\"slide\">\n\t\t\t\t\t\t\t\t\t<div class=\"elementor-carousel-image\" role=\"img\" aria-label=\"\" style=\"background-image: url(&#039;https:\/\/agraf.co\/wp-content\/uploads\/2024\/07\/Premio_Andigraf2-scaled.jpg&#039;)\">\n\n\t\t\t\n\t\t\t\t\t<\/div>\n\t\t\t\t\t\t\t\t<\/div>\n\t\t\t\t\t\t\t\t\t<\/div>\n\t\t\t\t\t\t\t\t\t\t\t\t\t\t\t<div class=\"elementor-swiper-button elementor-swiper-button-prev\" role=\"button\" tabindex=\"0\" aria-label=\"Previous\">\n\t\t\t\t\t\t\t<svg aria-hidden=\"true\" class=\"e-font-icon-svg e-eicon-chevron-left\" viewBox=\"0 0 1000 1000\" xmlns=\"http:\/\/www.w3.org\/2000\/svg\"><path d=\"M646 125C629 125 613 133 604 142L308 442C296 454 292 471 292 487 292 504 296 521 308 533L604 854C617 867 629 875 646 875 663 875 679 871 692 858 704 846 713 829 713 812 713 796 708 779 692 767L438 487 692 225C700 217 708 204 708 187 708 171 704 154 692 142 675 129 663 125 646 125Z\"><\/path><\/svg>\t\t\t\t\t\t<\/div>\n\t\t\t\t\t\t<div class=\"elementor-swiper-button elementor-swiper-button-next\" role=\"button\" tabindex=\"0\" aria-label=\"Next\">\n\t\t\t\t\t\t\t<svg aria-hidden=\"true\" class=\"e-font-icon-svg e-eicon-chevron-right\" viewBox=\"0 0 1000 1000\" xmlns=\"http:\/\/www.w3.org\/2000\/svg\"><path d=\"M696 533C708 521 713 504 713 487 713 471 708 454 696 446L400 146C388 133 375 125 354 125 338 125 325 129 313 142 300 154 292 171 292 187 292 204 296 221 308 233L563 492 304 771C292 783 288 800 288 817 288 833 296 850 308 863 321 871 338 875 354 875 371 875 388 867 400 854L696 533Z\"><\/path><\/svg>\t\t\t\t\t\t<\/div>\n\t\t\t\t\t\t\t\t\t\t\t\t\t\t\t\t<div class=\"swiper-pagination\"><\/div>\n\t\t\t\t\t\t\t\t\t\t\t\t<\/div>\n\t\t\t\t<\/div>\n\t\t\t\t\t\t\t\t<\/div>\n\t\t\t\t<\/div>\n\t\t\t\t\t<\/div>\n\t\t\t\t<\/div>\n\t\t\t\t<\/div>\n\t\t","protected":false},"excerpt":{"rendered":"<p>Andigraf, la Asociaci\u00f3n Colombiana de la Industria de la Comunicaci\u00f3n Gr\u00e1fica, es una organizaci\u00f3n emblem\u00e1tica que re\u00fane a las empresas del sector gr\u00e1fico en Colombia. Pero, \u00bfqu\u00e9 significa realmente Andigraf y cu\u00e1l es su relevancia en el \u00e1mbito de la comunicaci\u00f3n gr\u00e1fica? Descubriendo Andigraf: La Esencia de la Comunicaci\u00f3n Gr\u00e1fica Andigraf no es solo una [&hellip;]<\/p>\n","protected":false},"author":1,"featured_media":4043,"comment_status":"closed","ping_status":"closed","sticky":false,"template":"","format":"standard","meta":{"_monsterinsights_skip_tracking":false,"_monsterinsights_sitenote_active":false,"_monsterinsights_sitenote_note":"","_monsterinsights_sitenote_category":0,"footnotes":""},"categories":[65],"tags":[],"class_list":["post-519","post","type-post","status-publish","format-standard","has-post-thumbnail","hentry","category-premios"],"yoast_head":"<!-- This site is optimized with the Yoast SEO plugin v27.4 - https:\/\/yoast.com\/product\/yoast-seo-wordpress\/ -->\n<title>\u00bfQu\u00e9 es Andigraf y los Ganadores del Premio Andigraf? - Agraf<\/title>\n<meta name=\"description\" content=\"Empaques Flexibles\" \/>\n<meta name=\"robots\" content=\"index, follow, max-snippet:-1, max-image-preview:large, max-video-preview:-1\" \/>\n<link rel=\"canonical\" href=\"https:\/\/agraf.co\/index.php\/2021\/05\/13\/orgulloso-ganadores-del-premio-andigraf\/\" \/>\n<meta property=\"og:locale\" content=\"es_ES\" \/>\n<meta property=\"og:type\" content=\"article\" \/>\n<meta property=\"og:title\" content=\"\u00bfQu\u00e9 es Andigraf y los Ganadores del Premio Andigraf? - Agraf\" \/>\n<meta property=\"og:description\" content=\"Empaques Flexibles\" \/>\n<meta property=\"og:url\" content=\"https:\/\/agraf.co\/index.php\/2021\/05\/13\/orgulloso-ganadores-del-premio-andigraf\/\" \/>\n<meta property=\"og:site_name\" content=\"Agraf\" \/>\n<meta property=\"article:published_time\" content=\"2021-05-13T15:26:31+00:00\" \/>\n<meta property=\"article:modified_time\" content=\"2024-07-30T19:36:44+00:00\" \/>\n<meta property=\"og:image\" content=\"https:\/\/agraf.co\/wp-content\/uploads\/2024\/07\/Ganadores_Premio_Andigraf.png\" \/>\n\t<meta property=\"og:image:width\" content=\"760\" \/>\n\t<meta property=\"og:image:height\" content=\"490\" \/>\n\t<meta property=\"og:image:type\" content=\"image\/png\" \/>\n<meta name=\"author\" content=\"agrafco\" \/>\n<meta name=\"twitter:card\" content=\"summary_large_image\" \/>\n<meta name=\"twitter:label1\" content=\"Escrito por\" \/>\n\t<meta name=\"twitter:data1\" content=\"agrafco\" \/>\n\t<meta name=\"twitter:label2\" content=\"Tiempo de lectura\" \/>\n\t<meta name=\"twitter:data2\" content=\"3 minutos\" \/>\n<script type=\"application\/ld+json\" class=\"yoast-schema-graph\">{\"@context\":\"https:\\\/\\\/schema.org\",\"@graph\":[{\"@type\":\"Article\",\"@id\":\"https:\\\/\\\/agraf.co\\\/index.php\\\/2021\\\/05\\\/13\\\/orgulloso-ganadores-del-premio-andigraf\\\/#article\",\"isPartOf\":{\"@id\":\"https:\\\/\\\/agraf.co\\\/index.php\\\/2021\\\/05\\\/13\\\/orgulloso-ganadores-del-premio-andigraf\\\/\"},\"author\":{\"name\":\"agrafco\",\"@id\":\"https:\\\/\\\/agraf.co\\\/#\\\/schema\\\/person\\\/b35b1a9572981da507dcc7d3a913281f\"},\"headline\":\"\u00bfQu\u00e9 es Andigraf y los Ganadores del Premio Andigraf?\",\"datePublished\":\"2021-05-13T15:26:31+00:00\",\"dateModified\":\"2024-07-30T19:36:44+00:00\",\"mainEntityOfPage\":{\"@id\":\"https:\\\/\\\/agraf.co\\\/index.php\\\/2021\\\/05\\\/13\\\/orgulloso-ganadores-del-premio-andigraf\\\/\"},\"wordCount\":509,\"publisher\":{\"@id\":\"https:\\\/\\\/agraf.co\\\/#organization\"},\"image\":{\"@id\":\"https:\\\/\\\/agraf.co\\\/index.php\\\/2021\\\/05\\\/13\\\/orgulloso-ganadores-del-premio-andigraf\\\/#primaryimage\"},\"thumbnailUrl\":\"https:\\\/\\\/agraf.co\\\/wp-content\\\/uploads\\\/2024\\\/07\\\/Ganadores_Premio_Andigraf.png\",\"articleSection\":[\"Premios\"],\"inLanguage\":\"es-CO\"},{\"@type\":\"WebPage\",\"@id\":\"https:\\\/\\\/agraf.co\\\/index.php\\\/2021\\\/05\\\/13\\\/orgulloso-ganadores-del-premio-andigraf\\\/\",\"url\":\"https:\\\/\\\/agraf.co\\\/index.php\\\/2021\\\/05\\\/13\\\/orgulloso-ganadores-del-premio-andigraf\\\/\",\"name\":\"\u00bfQu\u00e9 es Andigraf y los Ganadores del Premio Andigraf? - Agraf\",\"isPartOf\":{\"@id\":\"https:\\\/\\\/agraf.co\\\/#website\"},\"primaryImageOfPage\":{\"@id\":\"https:\\\/\\\/agraf.co\\\/index.php\\\/2021\\\/05\\\/13\\\/orgulloso-ganadores-del-premio-andigraf\\\/#primaryimage\"},\"image\":{\"@id\":\"https:\\\/\\\/agraf.co\\\/index.php\\\/2021\\\/05\\\/13\\\/orgulloso-ganadores-del-premio-andigraf\\\/#primaryimage\"},\"thumbnailUrl\":\"https:\\\/\\\/agraf.co\\\/wp-content\\\/uploads\\\/2024\\\/07\\\/Ganadores_Premio_Andigraf.png\",\"datePublished\":\"2021-05-13T15:26:31+00:00\",\"dateModified\":\"2024-07-30T19:36:44+00:00\",\"description\":\"Empaques Flexibles\",\"breadcrumb\":{\"@id\":\"https:\\\/\\\/agraf.co\\\/index.php\\\/2021\\\/05\\\/13\\\/orgulloso-ganadores-del-premio-andigraf\\\/#breadcrumb\"},\"inLanguage\":\"es-CO\",\"potentialAction\":[{\"@type\":\"ReadAction\",\"target\":[\"https:\\\/\\\/agraf.co\\\/index.php\\\/2021\\\/05\\\/13\\\/orgulloso-ganadores-del-premio-andigraf\\\/\"]}]},{\"@type\":\"ImageObject\",\"inLanguage\":\"es-CO\",\"@id\":\"https:\\\/\\\/agraf.co\\\/index.php\\\/2021\\\/05\\\/13\\\/orgulloso-ganadores-del-premio-andigraf\\\/#primaryimage\",\"url\":\"https:\\\/\\\/agraf.co\\\/wp-content\\\/uploads\\\/2024\\\/07\\\/Ganadores_Premio_Andigraf.png\",\"contentUrl\":\"https:\\\/\\\/agraf.co\\\/wp-content\\\/uploads\\\/2024\\\/07\\\/Ganadores_Premio_Andigraf.png\",\"width\":760,\"height\":490},{\"@type\":\"BreadcrumbList\",\"@id\":\"https:\\\/\\\/agraf.co\\\/index.php\\\/2021\\\/05\\\/13\\\/orgulloso-ganadores-del-premio-andigraf\\\/#breadcrumb\",\"itemListElement\":[{\"@type\":\"ListItem\",\"position\":1,\"name\":\"Inicio\",\"item\":\"https:\\\/\\\/agraf.co\\\/\"},{\"@type\":\"ListItem\",\"position\":2,\"name\":\"\u00bfQu\u00e9 es Andigraf y los Ganadores del Premio Andigraf?\"}]},{\"@type\":\"WebSite\",\"@id\":\"https:\\\/\\\/agraf.co\\\/#website\",\"url\":\"https:\\\/\\\/agraf.co\\\/\",\"name\":\"Agraf Industrial SAS\",\"description\":\"\",\"publisher\":{\"@id\":\"https:\\\/\\\/agraf.co\\\/#organization\"},\"potentialAction\":[{\"@type\":\"SearchAction\",\"target\":{\"@type\":\"EntryPoint\",\"urlTemplate\":\"https:\\\/\\\/agraf.co\\\/?s={search_term_string}\"},\"query-input\":{\"@type\":\"PropertyValueSpecification\",\"valueRequired\":true,\"valueName\":\"search_term_string\"}}],\"inLanguage\":\"es-CO\"},{\"@type\":\"Organization\",\"@id\":\"https:\\\/\\\/agraf.co\\\/#organization\",\"name\":\"Agraf Industrial SAS\",\"url\":\"https:\\\/\\\/agraf.co\\\/\",\"logo\":{\"@type\":\"ImageObject\",\"inLanguage\":\"es-CO\",\"@id\":\"https:\\\/\\\/agraf.co\\\/#\\\/schema\\\/logo\\\/image\\\/\",\"url\":\"https:\\\/\\\/agraf.co\\\/wp-content\\\/uploads\\\/2021\\\/03\\\/ai_logo1-1.png\",\"contentUrl\":\"https:\\\/\\\/agraf.co\\\/wp-content\\\/uploads\\\/2021\\\/03\\\/ai_logo1-1.png\",\"width\":70,\"height\":70,\"caption\":\"Agraf Industrial SAS\"},\"image\":{\"@id\":\"https:\\\/\\\/agraf.co\\\/#\\\/schema\\\/logo\\\/image\\\/\"}},{\"@type\":\"Person\",\"@id\":\"https:\\\/\\\/agraf.co\\\/#\\\/schema\\\/person\\\/b35b1a9572981da507dcc7d3a913281f\",\"name\":\"agrafco\",\"image\":{\"@type\":\"ImageObject\",\"inLanguage\":\"es-CO\",\"@id\":\"https:\\\/\\\/secure.gravatar.com\\\/avatar\\\/694dd6a81624954c0e4e359f248580231f3180aca6173c03846743d5968fb715?s=96&d=mm&r=g\",\"url\":\"https:\\\/\\\/secure.gravatar.com\\\/avatar\\\/694dd6a81624954c0e4e359f248580231f3180aca6173c03846743d5968fb715?s=96&d=mm&r=g\",\"contentUrl\":\"https:\\\/\\\/secure.gravatar.com\\\/avatar\\\/694dd6a81624954c0e4e359f248580231f3180aca6173c03846743d5968fb715?s=96&d=mm&r=g\",\"caption\":\"agrafco\"},\"url\":\"https:\\\/\\\/agraf.co\\\/index.php\\\/author\\\/agrafco\\\/\"}]}<\/script>\n<!-- \/ Yoast SEO plugin. -->","yoast_head_json":{"title":"\u00bfQu\u00e9 es Andigraf y los Ganadores del Premio Andigraf? - Agraf","description":"Empaques Flexibles","robots":{"index":"index","follow":"follow","max-snippet":"max-snippet:-1","max-image-preview":"max-image-preview:large","max-video-preview":"max-video-preview:-1"},"canonical":"https:\/\/agraf.co\/index.php\/2021\/05\/13\/orgulloso-ganadores-del-premio-andigraf\/","og_locale":"es_ES","og_type":"article","og_title":"\u00bfQu\u00e9 es Andigraf y los Ganadores del Premio Andigraf? - Agraf","og_description":"Empaques Flexibles","og_url":"https:\/\/agraf.co\/index.php\/2021\/05\/13\/orgulloso-ganadores-del-premio-andigraf\/","og_site_name":"Agraf","article_published_time":"2021-05-13T15:26:31+00:00","article_modified_time":"2024-07-30T19:36:44+00:00","og_image":[{"width":760,"height":490,"url":"https:\/\/agraf.co\/wp-content\/uploads\/2024\/07\/Ganadores_Premio_Andigraf.png","type":"image\/png"}],"author":"agrafco","twitter_card":"summary_large_image","twitter_misc":{"Escrito por":"agrafco","Tiempo de lectura":"3 minutos"},"schema":{"@context":"https:\/\/schema.org","@graph":[{"@type":"Article","@id":"https:\/\/agraf.co\/index.php\/2021\/05\/13\/orgulloso-ganadores-del-premio-andigraf\/#article","isPartOf":{"@id":"https:\/\/agraf.co\/index.php\/2021\/05\/13\/orgulloso-ganadores-del-premio-andigraf\/"},"author":{"name":"agrafco","@id":"https:\/\/agraf.co\/#\/schema\/person\/b35b1a9572981da507dcc7d3a913281f"},"headline":"\u00bfQu\u00e9 es Andigraf y los Ganadores del Premio Andigraf?","datePublished":"2021-05-13T15:26:31+00:00","dateModified":"2024-07-30T19:36:44+00:00","mainEntityOfPage":{"@id":"https:\/\/agraf.co\/index.php\/2021\/05\/13\/orgulloso-ganadores-del-premio-andigraf\/"},"wordCount":509,"publisher":{"@id":"https:\/\/agraf.co\/#organization"},"image":{"@id":"https:\/\/agraf.co\/index.php\/2021\/05\/13\/orgulloso-ganadores-del-premio-andigraf\/#primaryimage"},"thumbnailUrl":"https:\/\/agraf.co\/wp-content\/uploads\/2024\/07\/Ganadores_Premio_Andigraf.png","articleSection":["Premios"],"inLanguage":"es-CO"},{"@type":"WebPage","@id":"https:\/\/agraf.co\/index.php\/2021\/05\/13\/orgulloso-ganadores-del-premio-andigraf\/","url":"https:\/\/agraf.co\/index.php\/2021\/05\/13\/orgulloso-ganadores-del-premio-andigraf\/","name":"\u00bfQu\u00e9 es Andigraf y los Ganadores del Premio Andigraf? - Agraf","isPartOf":{"@id":"https:\/\/agraf.co\/#website"},"primaryImageOfPage":{"@id":"https:\/\/agraf.co\/index.php\/2021\/05\/13\/orgulloso-ganadores-del-premio-andigraf\/#primaryimage"},"image":{"@id":"https:\/\/agraf.co\/index.php\/2021\/05\/13\/orgulloso-ganadores-del-premio-andigraf\/#primaryimage"},"thumbnailUrl":"https:\/\/agraf.co\/wp-content\/uploads\/2024\/07\/Ganadores_Premio_Andigraf.png","datePublished":"2021-05-13T15:26:31+00:00","dateModified":"2024-07-30T19:36:44+00:00","description":"Empaques Flexibles","breadcrumb":{"@id":"https:\/\/agraf.co\/index.php\/2021\/05\/13\/orgulloso-ganadores-del-premio-andigraf\/#breadcrumb"},"inLanguage":"es-CO","potentialAction":[{"@type":"ReadAction","target":["https:\/\/agraf.co\/index.php\/2021\/05\/13\/orgulloso-ganadores-del-premio-andigraf\/"]}]},{"@type":"ImageObject","inLanguage":"es-CO","@id":"https:\/\/agraf.co\/index.php\/2021\/05\/13\/orgulloso-ganadores-del-premio-andigraf\/#primaryimage","url":"https:\/\/agraf.co\/wp-content\/uploads\/2024\/07\/Ganadores_Premio_Andigraf.png","contentUrl":"https:\/\/agraf.co\/wp-content\/uploads\/2024\/07\/Ganadores_Premio_Andigraf.png","width":760,"height":490},{"@type":"BreadcrumbList","@id":"https:\/\/agraf.co\/index.php\/2021\/05\/13\/orgulloso-ganadores-del-premio-andigraf\/#breadcrumb","itemListElement":[{"@type":"ListItem","position":1,"name":"Inicio","item":"https:\/\/agraf.co\/"},{"@type":"ListItem","position":2,"name":"\u00bfQu\u00e9 es Andigraf y los Ganadores del Premio Andigraf?"}]},{"@type":"WebSite","@id":"https:\/\/agraf.co\/#website","url":"https:\/\/agraf.co\/","name":"Agraf Industrial SAS","description":"","publisher":{"@id":"https:\/\/agraf.co\/#organization"},"potentialAction":[{"@type":"SearchAction","target":{"@type":"EntryPoint","urlTemplate":"https:\/\/agraf.co\/?s={search_term_string}"},"query-input":{"@type":"PropertyValueSpecification","valueRequired":true,"valueName":"search_term_string"}}],"inLanguage":"es-CO"},{"@type":"Organization","@id":"https:\/\/agraf.co\/#organization","name":"Agraf Industrial SAS","url":"https:\/\/agraf.co\/","logo":{"@type":"ImageObject","inLanguage":"es-CO","@id":"https:\/\/agraf.co\/#\/schema\/logo\/image\/","url":"https:\/\/agraf.co\/wp-content\/uploads\/2021\/03\/ai_logo1-1.png","contentUrl":"https:\/\/agraf.co\/wp-content\/uploads\/2021\/03\/ai_logo1-1.png","width":70,"height":70,"caption":"Agraf Industrial SAS"},"image":{"@id":"https:\/\/agraf.co\/#\/schema\/logo\/image\/"}},{"@type":"Person","@id":"https:\/\/agraf.co\/#\/schema\/person\/b35b1a9572981da507dcc7d3a913281f","name":"agrafco","image":{"@type":"ImageObject","inLanguage":"es-CO","@id":"https:\/\/secure.gravatar.com\/avatar\/694dd6a81624954c0e4e359f248580231f3180aca6173c03846743d5968fb715?s=96&d=mm&r=g","url":"https:\/\/secure.gravatar.com\/avatar\/694dd6a81624954c0e4e359f248580231f3180aca6173c03846743d5968fb715?s=96&d=mm&r=g","contentUrl":"https:\/\/secure.gravatar.com\/avatar\/694dd6a81624954c0e4e359f248580231f3180aca6173c03846743d5968fb715?s=96&d=mm&r=g","caption":"agrafco"},"url":"https:\/\/agraf.co\/index.php\/author\/agrafco\/"}]}},"_links":{"self":[{"href":"https:\/\/agraf.co\/index.php\/wp-json\/wp\/v2\/posts\/519","targetHints":{"allow":["GET"]}}],"collection":[{"href":"https:\/\/agraf.co\/index.php\/wp-json\/wp\/v2\/posts"}],"about":[{"href":"https:\/\/agraf.co\/index.php\/wp-json\/wp\/v2\/types\/post"}],"author":[{"embeddable":true,"href":"https:\/\/agraf.co\/index.php\/wp-json\/wp\/v2\/users\/1"}],"replies":[{"embeddable":true,"href":"https:\/\/agraf.co\/index.php\/wp-json\/wp\/v2\/comments?post=519"}],"version-history":[{"count":50,"href":"https:\/\/agraf.co\/index.php\/wp-json\/wp\/v2\/posts\/519\/revisions"}],"predecessor-version":[{"id":4045,"href":"https:\/\/agraf.co\/index.php\/wp-json\/wp\/v2\/posts\/519\/revisions\/4045"}],"wp:featuredmedia":[{"embeddable":true,"href":"https:\/\/agraf.co\/index.php\/wp-json\/wp\/v2\/media\/4043"}],"wp:attachment":[{"href":"https:\/\/agraf.co\/index.php\/wp-json\/wp\/v2\/media?parent=519"}],"wp:term":[{"taxonomy":"category","embeddable":true,"href":"https:\/\/agraf.co\/index.php\/wp-json\/wp\/v2\/categories?post=519"},{"taxonomy":"post_tag","embeddable":true,"href":"https:\/\/agraf.co\/index.php\/wp-json\/wp\/v2\/tags?post=519"}],"curies":[{"name":"wp","href":"https:\/\/api.w.org\/{rel}","templated":true}]}}