{"id":3662,"date":"2024-07-11T19:50:53","date_gmt":"2024-07-11T19:50:53","guid":{"rendered":"https:\/\/agraf.co\/?p=3662"},"modified":"2024-07-30T19:31:48","modified_gmt":"2024-07-30T19:31:48","slug":"la-revolucion-de-lempaque-de-cafe","status":"publish","type":"post","link":"https:\/\/agraf.co\/index.php\/2024\/07\/11\/la-revolucion-de-lempaque-de-cafe\/","title":{"rendered":"La Revoluci\u00f3n del Empaque de Caf\u00e9"},"content":{"rendered":"\t\t<div data-elementor-type=\"wp-post\" data-elementor-id=\"3662\" class=\"elementor elementor-3662\" data-elementor-post-type=\"post\">\n\t\t\t\t<div class=\"elementor-element elementor-element-1770ba2 e-flex e-con-boxed e-con e-parent\" data-id=\"1770ba2\" data-element_type=\"container\" data-e-type=\"container\">\n\t\t\t\t\t<div class=\"e-con-inner\">\n\t\t\t\t<div class=\"elementor-element elementor-element-102e8e2 elementor-widget elementor-widget-image\" data-id=\"102e8e2\" data-element_type=\"widget\" data-e-type=\"widget\" data-widget_type=\"image.default\">\n\t\t\t\t<div class=\"elementor-widget-container\">\n\t\t\t\t\t\t\t\t\t\t\t\t\t\t\t<img decoding=\"async\" src=\"https:\/\/agraf.co\/wp-content\/uploads\/2024\/07\/Segmentos_5.png\" title=\"\" alt=\"\" loading=\"lazy\" \/>\t\t\t\t\t\t\t\t\t\t\t\t\t\t\t<\/div>\n\t\t\t\t<\/div>\n\t\t\t\t\t<\/div>\n\t\t\t\t<\/div>\n\t\t<div class=\"elementor-element elementor-element-f53ccf4 e-flex e-con-boxed e-con e-parent\" data-id=\"f53ccf4\" data-element_type=\"container\" data-e-type=\"container\">\n\t\t\t\t\t<div class=\"e-con-inner\">\n\t\t\t\t<div class=\"elementor-element elementor-element-1277ade elementor-widget elementor-widget-text-editor\" data-id=\"1277ade\" data-element_type=\"widget\" data-e-type=\"widget\" data-widget_type=\"text-editor.default\">\n\t\t\t\t<div class=\"elementor-widget-container\">\n\t\t\t\t\t\t\t\t\t<p>Bienvenidos a nuestro blog, donde exploraremos el apasionante mundo de los empaques flexibles para caf\u00e9. \u00bfAlguna vez te has preguntado c\u00f3mo se preserva la frescura y el aroma del caf\u00e9 desde el campo hasta tu taza? En este art\u00edculo, descubrir\u00e1s como los empaques flexibles est\u00e1n transformando la industria del caf\u00e9, garantizando que cada sorbo sea una experiencia \u00fanica.<\/p><p>Enlace a empaques de cafe- Explora los diferentes materiales que utilizamos en la fabricaci\u00f3n de nuestros empaques para caf\u00e9.<\/p><p><strong>El Caf\u00e9: Un Tesoro Nacional<\/strong><\/p><p>El caf\u00e9 es m\u00e1s que una simple bebida; es un s\u00edmbolo de cultura y tradici\u00f3n en muchos pa\u00edses, incluido el nuestro. Con nuestra rica historia en la fabricaci\u00f3n de caf\u00e9, nos enorgullece ofrecer empaques que cumplen con las necesidades \u00fanicas de este preciado producto. Desde la plantaci\u00f3n hasta la taza, cada paso del proceso se cuida con esmero para preservar su frescura y sabor.<\/p><p><strong>Empaques a Medida para Caf\u00e9<\/strong><\/p><p>En nuestra compa\u00f1\u00eda, entendemos que no todos los caf\u00e9s son iguales. Es por eso que ofrecemos una amplia gama de soluciones de empaque dise\u00f1adas espec\u00edficamente para el caf\u00e9. Desde bolsas de polipropileno brillante hasta estructuras trilaminadas con poli\u00e9ster metalizado, nuestros empaques est\u00e1n dise\u00f1ados para mantener el caf\u00e9 fresco y delicioso.<\/p><p>Enlace a productos &#8211; Descubre nuestra gama completa de soluciones de empaque dise\u00f1adas espec\u00edficamente para el caf\u00e9.\u00a0\u00a0\u00a0\u00a0\u00a0\u00a0\u00a0\u00a0\u00a0\u00a0\u00a0\u00a0\u00a0\u00a0\u00a0<\/p><p><strong>Flow Pack: La Innovaci\u00f3n en Conservaci\u00f3n<\/strong><\/p><p>Una de nuestras soluciones m\u00e1s innovadoras es el flow pack, un empaque que combina la conveniencia del envasado al vac\u00edo con la protecci\u00f3n del caf\u00e9. Equipado con v\u00e1lvulas desgasificadoras, este empaque permite que el caf\u00e9 respire mientras se mantiene fresco y protegido de los elementos externos. Es la soluci\u00f3n perfecta para aquellos que buscan una forma conveniente y efectiva de conservar su caf\u00e9 favorito. Aprende m\u00e1s sobre c\u00f3mo el flow pack puede mejorar la conservaci\u00f3n y protecci\u00f3n de tu caf\u00e9 favorito.<\/p><p><strong>Un Futuro Brillante para el Caf\u00e9<\/strong><\/p><p>En resumen, los empaques flexibles est\u00e1n revolucionando la forma en que disfrutamos del caf\u00e9. Con su capacidad para preservar la frescura y el sabor del caf\u00e9, estas soluciones est\u00e1n ayudando a garantizar que cada taza sea una experiencia inolvidable. \u00bfEst\u00e1s listo para llevar tu caf\u00e9 al siguiente nivel? Cont\u00e1ctanos hoy mismo y descubre c\u00f3mo nuestros empaques pueden hacer la diferencia.<\/p>\t\t\t\t\t\t\t\t<\/div>\n\t\t\t\t<\/div>\n\t\t\t\t\t<\/div>\n\t\t\t\t<\/div>\n\t\t\t\t<\/div>\n\t\t","protected":false},"excerpt":{"rendered":"<p>Bienvenidos a nuestro blog, donde exploraremos el apasionante mundo de los empaques flexibles para caf\u00e9. \u00bfAlguna vez te has preguntado c\u00f3mo se preserva la frescura y el aroma del caf\u00e9 desde el campo hasta tu taza? En este art\u00edculo, descubrir\u00e1s como los empaques flexibles est\u00e1n transformando la industria del caf\u00e9, garantizando que cada sorbo sea [&hellip;]<\/p>\n","protected":false},"author":1,"featured_media":4041,"comment_status":"closed","ping_status":"closed","sticky":false,"template":"","format":"standard","meta":{"_monsterinsights_skip_tracking":false,"_monsterinsights_sitenote_active":false,"_monsterinsights_sitenote_note":"","_monsterinsights_sitenote_category":0,"footnotes":""},"categories":[67],"tags":[],"class_list":["post-3662","post","type-post","status-publish","format-standard","has-post-thumbnail","hentry","category-empaques-flexibles"],"yoast_head":"<!-- This site is optimized with the Yoast SEO plugin v27.4 - https:\/\/yoast.com\/product\/yoast-seo-wordpress\/ -->\n<title>La Revoluci\u00f3n del Empaque de Caf\u00e9 - Agraf<\/title>\n<meta name=\"description\" content=\"Empaques Flexibles\" \/>\n<meta name=\"robots\" content=\"index, follow, max-snippet:-1, max-image-preview:large, max-video-preview:-1\" \/>\n<link rel=\"canonical\" href=\"https:\/\/agraf.co\/index.php\/2024\/07\/11\/la-revolucion-de-lempaque-de-cafe\/\" \/>\n<meta property=\"og:locale\" content=\"es_ES\" \/>\n<meta property=\"og:type\" content=\"article\" \/>\n<meta property=\"og:title\" content=\"La Revoluci\u00f3n del Empaque de Caf\u00e9 - Agraf\" \/>\n<meta property=\"og:description\" content=\"Empaques Flexibles\" \/>\n<meta property=\"og:url\" content=\"https:\/\/agraf.co\/index.php\/2024\/07\/11\/la-revolucion-de-lempaque-de-cafe\/\" \/>\n<meta property=\"og:site_name\" content=\"Agraf\" \/>\n<meta property=\"article:published_time\" content=\"2024-07-11T19:50:53+00:00\" \/>\n<meta property=\"article:modified_time\" content=\"2024-07-30T19:31:48+00:00\" \/>\n<meta property=\"og:image\" content=\"https:\/\/agraf.co\/wp-content\/uploads\/2024\/07\/La_revolucion_del_cafe.png\" \/>\n\t<meta property=\"og:image:width\" content=\"760\" \/>\n\t<meta property=\"og:image:height\" content=\"506\" \/>\n\t<meta property=\"og:image:type\" content=\"image\/png\" \/>\n<meta name=\"author\" content=\"agrafco\" \/>\n<meta name=\"twitter:card\" content=\"summary_large_image\" \/>\n<meta name=\"twitter:label1\" content=\"Escrito por\" \/>\n\t<meta name=\"twitter:data1\" content=\"agrafco\" \/>\n\t<meta name=\"twitter:label2\" content=\"Tiempo de lectura\" \/>\n\t<meta name=\"twitter:data2\" content=\"3 minutos\" \/>\n<script type=\"application\/ld+json\" class=\"yoast-schema-graph\">{\"@context\":\"https:\\\/\\\/schema.org\",\"@graph\":[{\"@type\":\"Article\",\"@id\":\"https:\\\/\\\/agraf.co\\\/index.php\\\/2024\\\/07\\\/11\\\/la-revolucion-de-lempaque-de-cafe\\\/#article\",\"isPartOf\":{\"@id\":\"https:\\\/\\\/agraf.co\\\/index.php\\\/2024\\\/07\\\/11\\\/la-revolucion-de-lempaque-de-cafe\\\/\"},\"author\":{\"name\":\"agrafco\",\"@id\":\"https:\\\/\\\/agraf.co\\\/#\\\/schema\\\/person\\\/b35b1a9572981da507dcc7d3a913281f\"},\"headline\":\"La Revoluci\u00f3n del Empaque de Caf\u00e9\",\"datePublished\":\"2024-07-11T19:50:53+00:00\",\"dateModified\":\"2024-07-30T19:31:48+00:00\",\"mainEntityOfPage\":{\"@id\":\"https:\\\/\\\/agraf.co\\\/index.php\\\/2024\\\/07\\\/11\\\/la-revolucion-de-lempaque-de-cafe\\\/\"},\"wordCount\":414,\"publisher\":{\"@id\":\"https:\\\/\\\/agraf.co\\\/#organization\"},\"image\":{\"@id\":\"https:\\\/\\\/agraf.co\\\/index.php\\\/2024\\\/07\\\/11\\\/la-revolucion-de-lempaque-de-cafe\\\/#primaryimage\"},\"thumbnailUrl\":\"https:\\\/\\\/agraf.co\\\/wp-content\\\/uploads\\\/2024\\\/07\\\/La_revolucion_del_cafe.png\",\"articleSection\":[\"Empaques Flexibles\"],\"inLanguage\":\"es-CO\"},{\"@type\":\"WebPage\",\"@id\":\"https:\\\/\\\/agraf.co\\\/index.php\\\/2024\\\/07\\\/11\\\/la-revolucion-de-lempaque-de-cafe\\\/\",\"url\":\"https:\\\/\\\/agraf.co\\\/index.php\\\/2024\\\/07\\\/11\\\/la-revolucion-de-lempaque-de-cafe\\\/\",\"name\":\"La Revoluci\u00f3n del Empaque de Caf\u00e9 - Agraf\",\"isPartOf\":{\"@id\":\"https:\\\/\\\/agraf.co\\\/#website\"},\"primaryImageOfPage\":{\"@id\":\"https:\\\/\\\/agraf.co\\\/index.php\\\/2024\\\/07\\\/11\\\/la-revolucion-de-lempaque-de-cafe\\\/#primaryimage\"},\"image\":{\"@id\":\"https:\\\/\\\/agraf.co\\\/index.php\\\/2024\\\/07\\\/11\\\/la-revolucion-de-lempaque-de-cafe\\\/#primaryimage\"},\"thumbnailUrl\":\"https:\\\/\\\/agraf.co\\\/wp-content\\\/uploads\\\/2024\\\/07\\\/La_revolucion_del_cafe.png\",\"datePublished\":\"2024-07-11T19:50:53+00:00\",\"dateModified\":\"2024-07-30T19:31:48+00:00\",\"description\":\"Empaques Flexibles\",\"breadcrumb\":{\"@id\":\"https:\\\/\\\/agraf.co\\\/index.php\\\/2024\\\/07\\\/11\\\/la-revolucion-de-lempaque-de-cafe\\\/#breadcrumb\"},\"inLanguage\":\"es-CO\",\"potentialAction\":[{\"@type\":\"ReadAction\",\"target\":[\"https:\\\/\\\/agraf.co\\\/index.php\\\/2024\\\/07\\\/11\\\/la-revolucion-de-lempaque-de-cafe\\\/\"]}]},{\"@type\":\"ImageObject\",\"inLanguage\":\"es-CO\",\"@id\":\"https:\\\/\\\/agraf.co\\\/index.php\\\/2024\\\/07\\\/11\\\/la-revolucion-de-lempaque-de-cafe\\\/#primaryimage\",\"url\":\"https:\\\/\\\/agraf.co\\\/wp-content\\\/uploads\\\/2024\\\/07\\\/La_revolucion_del_cafe.png\",\"contentUrl\":\"https:\\\/\\\/agraf.co\\\/wp-content\\\/uploads\\\/2024\\\/07\\\/La_revolucion_del_cafe.png\",\"width\":760,\"height\":506},{\"@type\":\"BreadcrumbList\",\"@id\":\"https:\\\/\\\/agraf.co\\\/index.php\\\/2024\\\/07\\\/11\\\/la-revolucion-de-lempaque-de-cafe\\\/#breadcrumb\",\"itemListElement\":[{\"@type\":\"ListItem\",\"position\":1,\"name\":\"Inicio\",\"item\":\"https:\\\/\\\/agraf.co\\\/\"},{\"@type\":\"ListItem\",\"position\":2,\"name\":\"La Revoluci\u00f3n del Empaque de Caf\u00e9\"}]},{\"@type\":\"WebSite\",\"@id\":\"https:\\\/\\\/agraf.co\\\/#website\",\"url\":\"https:\\\/\\\/agraf.co\\\/\",\"name\":\"Agraf Industrial SAS\",\"description\":\"\",\"publisher\":{\"@id\":\"https:\\\/\\\/agraf.co\\\/#organization\"},\"potentialAction\":[{\"@type\":\"SearchAction\",\"target\":{\"@type\":\"EntryPoint\",\"urlTemplate\":\"https:\\\/\\\/agraf.co\\\/?s={search_term_string}\"},\"query-input\":{\"@type\":\"PropertyValueSpecification\",\"valueRequired\":true,\"valueName\":\"search_term_string\"}}],\"inLanguage\":\"es-CO\"},{\"@type\":\"Organization\",\"@id\":\"https:\\\/\\\/agraf.co\\\/#organization\",\"name\":\"Agraf Industrial SAS\",\"url\":\"https:\\\/\\\/agraf.co\\\/\",\"logo\":{\"@type\":\"ImageObject\",\"inLanguage\":\"es-CO\",\"@id\":\"https:\\\/\\\/agraf.co\\\/#\\\/schema\\\/logo\\\/image\\\/\",\"url\":\"https:\\\/\\\/agraf.co\\\/wp-content\\\/uploads\\\/2021\\\/03\\\/ai_logo1-1.png\",\"contentUrl\":\"https:\\\/\\\/agraf.co\\\/wp-content\\\/uploads\\\/2021\\\/03\\\/ai_logo1-1.png\",\"width\":70,\"height\":70,\"caption\":\"Agraf Industrial SAS\"},\"image\":{\"@id\":\"https:\\\/\\\/agraf.co\\\/#\\\/schema\\\/logo\\\/image\\\/\"}},{\"@type\":\"Person\",\"@id\":\"https:\\\/\\\/agraf.co\\\/#\\\/schema\\\/person\\\/b35b1a9572981da507dcc7d3a913281f\",\"name\":\"agrafco\",\"image\":{\"@type\":\"ImageObject\",\"inLanguage\":\"es-CO\",\"@id\":\"https:\\\/\\\/secure.gravatar.com\\\/avatar\\\/694dd6a81624954c0e4e359f248580231f3180aca6173c03846743d5968fb715?s=96&d=mm&r=g\",\"url\":\"https:\\\/\\\/secure.gravatar.com\\\/avatar\\\/694dd6a81624954c0e4e359f248580231f3180aca6173c03846743d5968fb715?s=96&d=mm&r=g\",\"contentUrl\":\"https:\\\/\\\/secure.gravatar.com\\\/avatar\\\/694dd6a81624954c0e4e359f248580231f3180aca6173c03846743d5968fb715?s=96&d=mm&r=g\",\"caption\":\"agrafco\"},\"url\":\"https:\\\/\\\/agraf.co\\\/index.php\\\/author\\\/agrafco\\\/\"}]}<\/script>\n<!-- \/ Yoast SEO plugin. -->","yoast_head_json":{"title":"La Revoluci\u00f3n del Empaque de Caf\u00e9 - Agraf","description":"Empaques Flexibles","robots":{"index":"index","follow":"follow","max-snippet":"max-snippet:-1","max-image-preview":"max-image-preview:large","max-video-preview":"max-video-preview:-1"},"canonical":"https:\/\/agraf.co\/index.php\/2024\/07\/11\/la-revolucion-de-lempaque-de-cafe\/","og_locale":"es_ES","og_type":"article","og_title":"La Revoluci\u00f3n del Empaque de Caf\u00e9 - Agraf","og_description":"Empaques Flexibles","og_url":"https:\/\/agraf.co\/index.php\/2024\/07\/11\/la-revolucion-de-lempaque-de-cafe\/","og_site_name":"Agraf","article_published_time":"2024-07-11T19:50:53+00:00","article_modified_time":"2024-07-30T19:31:48+00:00","og_image":[{"width":760,"height":506,"url":"https:\/\/agraf.co\/wp-content\/uploads\/2024\/07\/La_revolucion_del_cafe.png","type":"image\/png"}],"author":"agrafco","twitter_card":"summary_large_image","twitter_misc":{"Escrito por":"agrafco","Tiempo de lectura":"3 minutos"},"schema":{"@context":"https:\/\/schema.org","@graph":[{"@type":"Article","@id":"https:\/\/agraf.co\/index.php\/2024\/07\/11\/la-revolucion-de-lempaque-de-cafe\/#article","isPartOf":{"@id":"https:\/\/agraf.co\/index.php\/2024\/07\/11\/la-revolucion-de-lempaque-de-cafe\/"},"author":{"name":"agrafco","@id":"https:\/\/agraf.co\/#\/schema\/person\/b35b1a9572981da507dcc7d3a913281f"},"headline":"La Revoluci\u00f3n del Empaque de Caf\u00e9","datePublished":"2024-07-11T19:50:53+00:00","dateModified":"2024-07-30T19:31:48+00:00","mainEntityOfPage":{"@id":"https:\/\/agraf.co\/index.php\/2024\/07\/11\/la-revolucion-de-lempaque-de-cafe\/"},"wordCount":414,"publisher":{"@id":"https:\/\/agraf.co\/#organization"},"image":{"@id":"https:\/\/agraf.co\/index.php\/2024\/07\/11\/la-revolucion-de-lempaque-de-cafe\/#primaryimage"},"thumbnailUrl":"https:\/\/agraf.co\/wp-content\/uploads\/2024\/07\/La_revolucion_del_cafe.png","articleSection":["Empaques Flexibles"],"inLanguage":"es-CO"},{"@type":"WebPage","@id":"https:\/\/agraf.co\/index.php\/2024\/07\/11\/la-revolucion-de-lempaque-de-cafe\/","url":"https:\/\/agraf.co\/index.php\/2024\/07\/11\/la-revolucion-de-lempaque-de-cafe\/","name":"La Revoluci\u00f3n del Empaque de Caf\u00e9 - Agraf","isPartOf":{"@id":"https:\/\/agraf.co\/#website"},"primaryImageOfPage":{"@id":"https:\/\/agraf.co\/index.php\/2024\/07\/11\/la-revolucion-de-lempaque-de-cafe\/#primaryimage"},"image":{"@id":"https:\/\/agraf.co\/index.php\/2024\/07\/11\/la-revolucion-de-lempaque-de-cafe\/#primaryimage"},"thumbnailUrl":"https:\/\/agraf.co\/wp-content\/uploads\/2024\/07\/La_revolucion_del_cafe.png","datePublished":"2024-07-11T19:50:53+00:00","dateModified":"2024-07-30T19:31:48+00:00","description":"Empaques Flexibles","breadcrumb":{"@id":"https:\/\/agraf.co\/index.php\/2024\/07\/11\/la-revolucion-de-lempaque-de-cafe\/#breadcrumb"},"inLanguage":"es-CO","potentialAction":[{"@type":"ReadAction","target":["https:\/\/agraf.co\/index.php\/2024\/07\/11\/la-revolucion-de-lempaque-de-cafe\/"]}]},{"@type":"ImageObject","inLanguage":"es-CO","@id":"https:\/\/agraf.co\/index.php\/2024\/07\/11\/la-revolucion-de-lempaque-de-cafe\/#primaryimage","url":"https:\/\/agraf.co\/wp-content\/uploads\/2024\/07\/La_revolucion_del_cafe.png","contentUrl":"https:\/\/agraf.co\/wp-content\/uploads\/2024\/07\/La_revolucion_del_cafe.png","width":760,"height":506},{"@type":"BreadcrumbList","@id":"https:\/\/agraf.co\/index.php\/2024\/07\/11\/la-revolucion-de-lempaque-de-cafe\/#breadcrumb","itemListElement":[{"@type":"ListItem","position":1,"name":"Inicio","item":"https:\/\/agraf.co\/"},{"@type":"ListItem","position":2,"name":"La Revoluci\u00f3n del Empaque de Caf\u00e9"}]},{"@type":"WebSite","@id":"https:\/\/agraf.co\/#website","url":"https:\/\/agraf.co\/","name":"Agraf Industrial SAS","description":"","publisher":{"@id":"https:\/\/agraf.co\/#organization"},"potentialAction":[{"@type":"SearchAction","target":{"@type":"EntryPoint","urlTemplate":"https:\/\/agraf.co\/?s={search_term_string}"},"query-input":{"@type":"PropertyValueSpecification","valueRequired":true,"valueName":"search_term_string"}}],"inLanguage":"es-CO"},{"@type":"Organization","@id":"https:\/\/agraf.co\/#organization","name":"Agraf Industrial SAS","url":"https:\/\/agraf.co\/","logo":{"@type":"ImageObject","inLanguage":"es-CO","@id":"https:\/\/agraf.co\/#\/schema\/logo\/image\/","url":"https:\/\/agraf.co\/wp-content\/uploads\/2021\/03\/ai_logo1-1.png","contentUrl":"https:\/\/agraf.co\/wp-content\/uploads\/2021\/03\/ai_logo1-1.png","width":70,"height":70,"caption":"Agraf Industrial SAS"},"image":{"@id":"https:\/\/agraf.co\/#\/schema\/logo\/image\/"}},{"@type":"Person","@id":"https:\/\/agraf.co\/#\/schema\/person\/b35b1a9572981da507dcc7d3a913281f","name":"agrafco","image":{"@type":"ImageObject","inLanguage":"es-CO","@id":"https:\/\/secure.gravatar.com\/avatar\/694dd6a81624954c0e4e359f248580231f3180aca6173c03846743d5968fb715?s=96&d=mm&r=g","url":"https:\/\/secure.gravatar.com\/avatar\/694dd6a81624954c0e4e359f248580231f3180aca6173c03846743d5968fb715?s=96&d=mm&r=g","contentUrl":"https:\/\/secure.gravatar.com\/avatar\/694dd6a81624954c0e4e359f248580231f3180aca6173c03846743d5968fb715?s=96&d=mm&r=g","caption":"agrafco"},"url":"https:\/\/agraf.co\/index.php\/author\/agrafco\/"}]}},"_links":{"self":[{"href":"https:\/\/agraf.co\/index.php\/wp-json\/wp\/v2\/posts\/3662","targetHints":{"allow":["GET"]}}],"collection":[{"href":"https:\/\/agraf.co\/index.php\/wp-json\/wp\/v2\/posts"}],"about":[{"href":"https:\/\/agraf.co\/index.php\/wp-json\/wp\/v2\/types\/post"}],"author":[{"embeddable":true,"href":"https:\/\/agraf.co\/index.php\/wp-json\/wp\/v2\/users\/1"}],"replies":[{"embeddable":true,"href":"https:\/\/agraf.co\/index.php\/wp-json\/wp\/v2\/comments?post=3662"}],"version-history":[{"count":14,"href":"https:\/\/agraf.co\/index.php\/wp-json\/wp\/v2\/posts\/3662\/revisions"}],"predecessor-version":[{"id":4042,"href":"https:\/\/agraf.co\/index.php\/wp-json\/wp\/v2\/posts\/3662\/revisions\/4042"}],"wp:featuredmedia":[{"embeddable":true,"href":"https:\/\/agraf.co\/index.php\/wp-json\/wp\/v2\/media\/4041"}],"wp:attachment":[{"href":"https:\/\/agraf.co\/index.php\/wp-json\/wp\/v2\/media?parent=3662"}],"wp:term":[{"taxonomy":"category","embeddable":true,"href":"https:\/\/agraf.co\/index.php\/wp-json\/wp\/v2\/categories?post=3662"},{"taxonomy":"post_tag","embeddable":true,"href":"https:\/\/agraf.co\/index.php\/wp-json\/wp\/v2\/tags?post=3662"}],"curies":[{"name":"wp","href":"https:\/\/api.w.org\/{rel}","templated":true}]}}