{"id":1391,"date":"2022-11-09T19:49:31","date_gmt":"2022-11-09T19:49:31","guid":{"rendered":"https:\/\/agraf.co\/?p=1391"},"modified":"2024-07-19T15:06:41","modified_gmt":"2024-07-19T15:06:41","slug":"por-que-elegirnos","status":"publish","type":"post","link":"https:\/\/agraf.co\/index.php\/2022\/11\/09\/por-que-elegirnos\/","title":{"rendered":"\u00bfPor Qu\u00e9 Elegirnos?\u2028Soluciones en Empaques Flexibles para Alimentos: Innovaci\u00f3n y Conservaci\u00f3n"},"content":{"rendered":"\t\t<div data-elementor-type=\"wp-post\" data-elementor-id=\"1391\" class=\"elementor elementor-1391\" data-elementor-post-type=\"post\">\n\t\t\t\t<div class=\"elementor-element elementor-element-a3c71c6 e-flex e-con-boxed e-con e-parent\" data-id=\"a3c71c6\" data-element_type=\"container\" data-e-type=\"container\">\n\t\t\t\t\t<div class=\"e-con-inner\">\n\t\t\t\t<div class=\"elementor-element elementor-element-3a9a60d elementor-widget elementor-widget-heading\" data-id=\"3a9a60d\" data-element_type=\"widget\" data-e-type=\"widget\" data-widget_type=\"heading.default\">\n\t\t\t\t<div class=\"elementor-widget-container\">\n\t\t\t\t\t<h2 class=\"elementor-heading-title elementor-size-default\">Soluciones en Empaques Flexibles para Alimentos: Innovaci\u00f3n y Conservaci\u00f3n<\/h2>\t\t\t\t<\/div>\n\t\t\t\t<\/div>\n\t\t\t\t<div class=\"elementor-element elementor-element-b9e7029 elementor-widget elementor-widget-text-editor\" data-id=\"b9e7029\" data-element_type=\"widget\" data-e-type=\"widget\" data-widget_type=\"text-editor.default\">\n\t\t\t\t<div class=\"elementor-widget-container\">\n\t\t\t\t\t\t\t\t\t<p class=\"p2\">\u00bfTe has preguntado alguna vez c\u00f3mo se conservan tus alimentos frescos durante su almacenamiento y transporte? \u00bfQu\u00e9 papel juegan los empaques en este proceso esencial? Bienvenido a nuestro blog, donde exploraremos el apasionante mundo de las soluciones en empaques flexibles, especialmente dise\u00f1ados para la industria alimentaria.<\/p><p class=\"p3\"><span class=\"s1\"><b><span style=\"font-size: 12.0pt;\">Empaques Flexibles: Una Innovaci\u00f3n en Conservaci\u00f3n <\/span><\/b><\/span><span class=\"s1\"><span style=\"font-size: 12.0pt;\"><a href=\"https:\/\/www.linkedin.com\/feed\/update\/urn:li:activity:7180964706080243713\"><b>https:\/\/www.linkedin.com\/feed\/update\/urn:li:activity:7180964706080243713<\/b><\/a><\/span><\/span><\/p>\t\t\t\t\t\t\t\t<\/div>\n\t\t\t\t<\/div>\n\t\t\t\t<div class=\"elementor-element elementor-element-0ec42a1 elementor-widget elementor-widget-text-editor\" data-id=\"0ec42a1\" data-element_type=\"widget\" data-e-type=\"widget\" data-widget_type=\"text-editor.default\">\n\t\t\t\t<div class=\"elementor-widget-container\">\n\t\t\t\t\t\t\t\t\t<p class=\"p2\">En la actualidad, la demanda de soluciones en empaques flexibles para alimentos ha crecido exponencialmente. Estos empaques no solo ofrecen una protecci\u00f3n efectiva contra los elementos externos, sino que tambi\u00e9n juegan un papel crucial en la conservaci\u00f3n de la frescura y calidad de los productos alimenticios. \u00bfC\u00f3mo lo logran?<\/p><p class=\"p2\"><b>Dise\u00f1o a la Medida de tus Necesidades<\/b><\/p><p class=\"p2\">Una de las ventajas m\u00e1s destacadas de las soluciones en empaques flexibles es su capacidad para adaptarse a las necesidades espec\u00edficas de cada cliente. En nuestra empresa, nos enorgullecemos de ofrecer un servicio personalizado, brindando asesor\u00eda y acompa\u00f1amiento en el desarrollo de los empaques de nuestros clientes. Desde el dise\u00f1o inicial hasta la producci\u00f3n final, estamos comprometidos a garantizar la m\u00e1xima satisfacci\u00f3n del cliente.<\/p><p class=\"p2\"><b>Alta Calidad de Impresi\u00f3n y Tecnolog\u00eda Avanzada<\/b><\/p><p class=\"p2\">Otro aspecto crucial a considerar es la calidad de impresi\u00f3n de los empaques. En nuestra compa\u00f1\u00eda, contamos con equipos de alta tecnolog\u00eda que nos permiten ofrecer una calidad de impresi\u00f3n de alta resoluci\u00f3n en todos nuestros productos. Esto no solo garantiza una presentaci\u00f3n atractiva de los alimentos, sino que tambi\u00e9n contribuye a fortalecer la marca del cliente en el mercado.<\/p><p class=\"p2\"><b>Certificaciones de Calidad y Seguridad<\/b><\/p><p class=\"p2\">La seguridad y la calidad son pilares fundamentales en nuestro proceso de producci\u00f3n. Es por eso que nuestra empresa cuenta con certificaciones de calidad, seguridad en el trabajo y seguridad en la cadena de abastecimiento. Nuestros clientes pueden tener la tranquilidad de saber que est\u00e1n trabajando con un proveedor confiable y comprometido con los m\u00e1s altos est\u00e1ndares de excelencia.<\/p>\t\t\t\t\t\t\t\t<\/div>\n\t\t\t\t<\/div>\n\t\t\t\t\t<\/div>\n\t\t\t\t<\/div>\n\t\t<div class=\"elementor-element elementor-element-4eb1637 e-flex e-con-boxed e-con e-parent\" data-id=\"4eb1637\" data-element_type=\"container\" data-e-type=\"container\">\n\t\t\t\t\t<div class=\"e-con-inner\">\n\t\t\t\t<div class=\"elementor-element elementor-element-32a5310 elementor-widget elementor-widget-heading\" data-id=\"32a5310\" data-element_type=\"widget\" data-e-type=\"widget\" data-widget_type=\"heading.default\">\n\t\t\t\t<div class=\"elementor-widget-container\">\n\t\t\t\t\t<h2 class=\"elementor-heading-title elementor-size-default\">\u00bfPor Qu\u00e9 Elegirnos?<\/h2>\t\t\t\t<\/div>\n\t\t\t\t<\/div>\n\t\t\t\t<div class=\"elementor-element elementor-element-1f90aec elementor-widget elementor-widget-text-editor\" data-id=\"1f90aec\" data-element_type=\"widget\" data-e-type=\"widget\" data-widget_type=\"text-editor.default\">\n\t\t\t\t<div class=\"elementor-widget-container\">\n\t\t\t\t\t\t\t\t\t<p class=\"p2\">En resumen, en nuestra empresa nos comprometemos a brindar servicios y productos que generen satisfacci\u00f3n, confianza, seguridad y calidad a nuestros clientes. Desde la asesor\u00eda inicial hasta la entrega final, nos esforzamos por ofrecer soluciones que superen las expectativas y contribuyan al \u00e9xito de nuestros clientes en la industria alimentaria.<\/p><p class=\"p2\"><b>Tiempos de Entrega y Capacidad de Producci\u00f3n<\/b><\/p><p class=\"p2\">Con una capacidad mensual de impresi\u00f3n de hasta 400 toneladas y una presencia comercial en las principales ciudades del pa\u00eds, podemos garantizar tiempos de entrega r\u00e1pidos y eficientes. Nuestros clientes pueden confiar en nosotros para satisfacer sus demandas incluso en los plazos m\u00e1s ajustados.<\/p><p class=\"p2\"><b>Centro de Soluciones y Asistencia T\u00e9cnica<\/b><\/p><p class=\"p2\">Adem\u00e1s, contamos con un centro de soluciones que apoya la gesti\u00f3n de nuestros asesores, brindando un mejor servicio y una asistencia t\u00e9cnica de primera clase. Estamos aqu\u00ed para ayudar a nuestros clientes en cada paso del camino, desde la concepci\u00f3n de la idea hasta la entrega final del producto.<\/p><p class=\"p2\">En conclusi\u00f3n, si est\u00e1s buscando soluciones en empaques flexibles para alimentos que combinen innovaci\u00f3n, calidad y compromiso con el medio ambiente, \u00a1has venido al lugar correcto! Cont\u00e1ctanos hoy mismo y descubre c\u00f3mo podemos ayudarte a llevar tu negocio al siguiente nivel con nuestros productos y servicios de primera clase.<\/p>\t\t\t\t\t\t\t\t<\/div>\n\t\t\t\t<\/div>\n\t\t\t\t<div class=\"elementor-element elementor-element-410f475 elementor-widget elementor-widget-image\" data-id=\"410f475\" data-element_type=\"widget\" data-e-type=\"widget\" data-widget_type=\"image.default\">\n\t\t\t\t<div class=\"elementor-widget-container\">\n\t\t\t\t\t\t\t\t\t\t\t\t\t\t\t<img fetchpriority=\"high\" decoding=\"async\" width=\"200\" height=\"300\" src=\"https:\/\/agraf.co\/wp-content\/uploads\/2022\/11\/Blog_Personal2-200x300.jpg\" class=\"attachment-medium size-medium wp-image-3726\" alt=\"\" srcset=\"https:\/\/agraf.co\/wp-content\/uploads\/2022\/11\/Blog_Personal2-200x300.jpg 200w, https:\/\/agraf.co\/wp-content\/uploads\/2022\/11\/Blog_Personal2-683x1024.jpg 683w, https:\/\/agraf.co\/wp-content\/uploads\/2022\/11\/Blog_Personal2-768x1152.jpg 768w, https:\/\/agraf.co\/wp-content\/uploads\/2022\/11\/Blog_Personal2-1024x1536.jpg 1024w, https:\/\/agraf.co\/wp-content\/uploads\/2022\/11\/Blog_Personal2-1365x2048.jpg 1365w, https:\/\/agraf.co\/wp-content\/uploads\/2022\/11\/Blog_Personal2-scaled.jpg 1707w\" sizes=\"(max-width: 200px) 100vw, 200px\" \/>\t\t\t\t\t\t\t\t\t\t\t\t\t\t\t<\/div>\n\t\t\t\t<\/div>\n\t\t\t\t\t<\/div>\n\t\t\t\t<\/div>\n\t\t\t\t<\/div>\n\t\t","protected":false},"excerpt":{"rendered":"<p>Soluciones en Empaques Flexibles para Alimentos: Innovaci\u00f3n y Conservaci\u00f3n \u00bfTe has preguntado alguna vez c\u00f3mo se conservan tus alimentos frescos durante su almacenamiento y transporte? \u00bfQu\u00e9 papel juegan los empaques en este proceso esencial? Bienvenido a nuestro blog, donde exploraremos el apasionante mundo de las soluciones en empaques flexibles, especialmente dise\u00f1ados para la industria alimentaria. [&hellip;]<\/p>\n","protected":false},"author":1,"featured_media":3613,"comment_status":"closed","ping_status":"closed","sticky":false,"template":"","format":"standard","meta":{"_monsterinsights_skip_tracking":false,"_monsterinsights_sitenote_active":false,"_monsterinsights_sitenote_note":"","_monsterinsights_sitenote_category":0,"footnotes":""},"categories":[66],"tags":[],"class_list":["post-1391","post","type-post","status-publish","format-standard","has-post-thumbnail","hentry","category-por-que-elegirnos"],"yoast_head":"<!-- This site is optimized with the Yoast SEO plugin v27.4 - https:\/\/yoast.com\/product\/yoast-seo-wordpress\/ -->\n<title>\u00bfPor Qu\u00e9 Elegirnos?\u2028Soluciones en Empaques Flexibles para Alimentos: Innovaci\u00f3n y Conservaci\u00f3n - Agraf<\/title>\n<meta name=\"description\" content=\"Empaques Flexibles\" \/>\n<meta name=\"robots\" content=\"index, follow, max-snippet:-1, max-image-preview:large, max-video-preview:-1\" \/>\n<link rel=\"canonical\" href=\"https:\/\/agraf.co\/index.php\/2022\/11\/09\/por-que-elegirnos\/\" \/>\n<meta property=\"og:locale\" content=\"es_ES\" \/>\n<meta property=\"og:type\" content=\"article\" \/>\n<meta property=\"og:title\" content=\"\u00bfPor Qu\u00e9 Elegirnos?\u2028Soluciones en Empaques Flexibles para Alimentos: Innovaci\u00f3n y Conservaci\u00f3n - Agraf\" \/>\n<meta property=\"og:description\" content=\"Empaques Flexibles\" \/>\n<meta property=\"og:url\" content=\"https:\/\/agraf.co\/index.php\/2022\/11\/09\/por-que-elegirnos\/\" \/>\n<meta property=\"og:site_name\" content=\"Agraf\" \/>\n<meta property=\"article:published_time\" content=\"2022-11-09T19:49:31+00:00\" \/>\n<meta property=\"article:modified_time\" content=\"2024-07-19T15:06:41+00:00\" \/>\n<meta property=\"og:image\" content=\"https:\/\/agraf.co\/wp-content\/uploads\/2024\/07\/Blog_Personal1.png\" \/>\n\t<meta property=\"og:image:width\" content=\"380\" \/>\n\t<meta property=\"og:image:height\" content=\"245\" \/>\n\t<meta property=\"og:image:type\" content=\"image\/png\" \/>\n<meta name=\"author\" content=\"agrafco\" \/>\n<meta name=\"twitter:card\" content=\"summary_large_image\" \/>\n<meta name=\"twitter:label1\" content=\"Escrito por\" \/>\n\t<meta name=\"twitter:data1\" content=\"agrafco\" \/>\n\t<meta name=\"twitter:label2\" content=\"Tiempo de lectura\" \/>\n\t<meta name=\"twitter:data2\" content=\"3 minutos\" \/>\n<script type=\"application\/ld+json\" class=\"yoast-schema-graph\">{\"@context\":\"https:\\\/\\\/schema.org\",\"@graph\":[{\"@type\":\"Article\",\"@id\":\"https:\\\/\\\/agraf.co\\\/index.php\\\/2022\\\/11\\\/09\\\/por-que-elegirnos\\\/#article\",\"isPartOf\":{\"@id\":\"https:\\\/\\\/agraf.co\\\/index.php\\\/2022\\\/11\\\/09\\\/por-que-elegirnos\\\/\"},\"author\":{\"name\":\"agrafco\",\"@id\":\"https:\\\/\\\/agraf.co\\\/#\\\/schema\\\/person\\\/b35b1a9572981da507dcc7d3a913281f\"},\"headline\":\"\u00bfPor Qu\u00e9 Elegirnos?\\u2028Soluciones en Empaques Flexibles para Alimentos: Innovaci\u00f3n y Conservaci\u00f3n\",\"datePublished\":\"2022-11-09T19:49:31+00:00\",\"dateModified\":\"2024-07-19T15:06:41+00:00\",\"mainEntityOfPage\":{\"@id\":\"https:\\\/\\\/agraf.co\\\/index.php\\\/2022\\\/11\\\/09\\\/por-que-elegirnos\\\/\"},\"wordCount\":591,\"publisher\":{\"@id\":\"https:\\\/\\\/agraf.co\\\/#organization\"},\"image\":{\"@id\":\"https:\\\/\\\/agraf.co\\\/index.php\\\/2022\\\/11\\\/09\\\/por-que-elegirnos\\\/#primaryimage\"},\"thumbnailUrl\":\"https:\\\/\\\/agraf.co\\\/wp-content\\\/uploads\\\/2024\\\/07\\\/Blog_Personal1.png\",\"articleSection\":[\"\u00bfPor que elegirnos?\"],\"inLanguage\":\"es-CO\"},{\"@type\":\"WebPage\",\"@id\":\"https:\\\/\\\/agraf.co\\\/index.php\\\/2022\\\/11\\\/09\\\/por-que-elegirnos\\\/\",\"url\":\"https:\\\/\\\/agraf.co\\\/index.php\\\/2022\\\/11\\\/09\\\/por-que-elegirnos\\\/\",\"name\":\"\u00bfPor Qu\u00e9 Elegirnos?\\u2028Soluciones en Empaques Flexibles para Alimentos: Innovaci\u00f3n y Conservaci\u00f3n - Agraf\",\"isPartOf\":{\"@id\":\"https:\\\/\\\/agraf.co\\\/#website\"},\"primaryImageOfPage\":{\"@id\":\"https:\\\/\\\/agraf.co\\\/index.php\\\/2022\\\/11\\\/09\\\/por-que-elegirnos\\\/#primaryimage\"},\"image\":{\"@id\":\"https:\\\/\\\/agraf.co\\\/index.php\\\/2022\\\/11\\\/09\\\/por-que-elegirnos\\\/#primaryimage\"},\"thumbnailUrl\":\"https:\\\/\\\/agraf.co\\\/wp-content\\\/uploads\\\/2024\\\/07\\\/Blog_Personal1.png\",\"datePublished\":\"2022-11-09T19:49:31+00:00\",\"dateModified\":\"2024-07-19T15:06:41+00:00\",\"description\":\"Empaques Flexibles\",\"breadcrumb\":{\"@id\":\"https:\\\/\\\/agraf.co\\\/index.php\\\/2022\\\/11\\\/09\\\/por-que-elegirnos\\\/#breadcrumb\"},\"inLanguage\":\"es-CO\",\"potentialAction\":[{\"@type\":\"ReadAction\",\"target\":[\"https:\\\/\\\/agraf.co\\\/index.php\\\/2022\\\/11\\\/09\\\/por-que-elegirnos\\\/\"]}]},{\"@type\":\"ImageObject\",\"inLanguage\":\"es-CO\",\"@id\":\"https:\\\/\\\/agraf.co\\\/index.php\\\/2022\\\/11\\\/09\\\/por-que-elegirnos\\\/#primaryimage\",\"url\":\"https:\\\/\\\/agraf.co\\\/wp-content\\\/uploads\\\/2024\\\/07\\\/Blog_Personal1.png\",\"contentUrl\":\"https:\\\/\\\/agraf.co\\\/wp-content\\\/uploads\\\/2024\\\/07\\\/Blog_Personal1.png\",\"width\":380,\"height\":245},{\"@type\":\"BreadcrumbList\",\"@id\":\"https:\\\/\\\/agraf.co\\\/index.php\\\/2022\\\/11\\\/09\\\/por-que-elegirnos\\\/#breadcrumb\",\"itemListElement\":[{\"@type\":\"ListItem\",\"position\":1,\"name\":\"Inicio\",\"item\":\"https:\\\/\\\/agraf.co\\\/\"},{\"@type\":\"ListItem\",\"position\":2,\"name\":\"\u00bfPor Qu\u00e9 Elegirnos?\\u2028Soluciones en Empaques Flexibles para Alimentos: Innovaci\u00f3n y Conservaci\u00f3n\"}]},{\"@type\":\"WebSite\",\"@id\":\"https:\\\/\\\/agraf.co\\\/#website\",\"url\":\"https:\\\/\\\/agraf.co\\\/\",\"name\":\"Agraf Industrial SAS\",\"description\":\"\",\"publisher\":{\"@id\":\"https:\\\/\\\/agraf.co\\\/#organization\"},\"potentialAction\":[{\"@type\":\"SearchAction\",\"target\":{\"@type\":\"EntryPoint\",\"urlTemplate\":\"https:\\\/\\\/agraf.co\\\/?s={search_term_string}\"},\"query-input\":{\"@type\":\"PropertyValueSpecification\",\"valueRequired\":true,\"valueName\":\"search_term_string\"}}],\"inLanguage\":\"es-CO\"},{\"@type\":\"Organization\",\"@id\":\"https:\\\/\\\/agraf.co\\\/#organization\",\"name\":\"Agraf Industrial SAS\",\"url\":\"https:\\\/\\\/agraf.co\\\/\",\"logo\":{\"@type\":\"ImageObject\",\"inLanguage\":\"es-CO\",\"@id\":\"https:\\\/\\\/agraf.co\\\/#\\\/schema\\\/logo\\\/image\\\/\",\"url\":\"https:\\\/\\\/agraf.co\\\/wp-content\\\/uploads\\\/2021\\\/03\\\/ai_logo1-1.png\",\"contentUrl\":\"https:\\\/\\\/agraf.co\\\/wp-content\\\/uploads\\\/2021\\\/03\\\/ai_logo1-1.png\",\"width\":70,\"height\":70,\"caption\":\"Agraf Industrial SAS\"},\"image\":{\"@id\":\"https:\\\/\\\/agraf.co\\\/#\\\/schema\\\/logo\\\/image\\\/\"}},{\"@type\":\"Person\",\"@id\":\"https:\\\/\\\/agraf.co\\\/#\\\/schema\\\/person\\\/b35b1a9572981da507dcc7d3a913281f\",\"name\":\"agrafco\",\"image\":{\"@type\":\"ImageObject\",\"inLanguage\":\"es-CO\",\"@id\":\"https:\\\/\\\/secure.gravatar.com\\\/avatar\\\/694dd6a81624954c0e4e359f248580231f3180aca6173c03846743d5968fb715?s=96&d=mm&r=g\",\"url\":\"https:\\\/\\\/secure.gravatar.com\\\/avatar\\\/694dd6a81624954c0e4e359f248580231f3180aca6173c03846743d5968fb715?s=96&d=mm&r=g\",\"contentUrl\":\"https:\\\/\\\/secure.gravatar.com\\\/avatar\\\/694dd6a81624954c0e4e359f248580231f3180aca6173c03846743d5968fb715?s=96&d=mm&r=g\",\"caption\":\"agrafco\"},\"url\":\"https:\\\/\\\/agraf.co\\\/index.php\\\/author\\\/agrafco\\\/\"}]}<\/script>\n<!-- \/ Yoast SEO plugin. -->","yoast_head_json":{"title":"\u00bfPor Qu\u00e9 Elegirnos?\u2028Soluciones en Empaques Flexibles para Alimentos: Innovaci\u00f3n y Conservaci\u00f3n - Agraf","description":"Empaques Flexibles","robots":{"index":"index","follow":"follow","max-snippet":"max-snippet:-1","max-image-preview":"max-image-preview:large","max-video-preview":"max-video-preview:-1"},"canonical":"https:\/\/agraf.co\/index.php\/2022\/11\/09\/por-que-elegirnos\/","og_locale":"es_ES","og_type":"article","og_title":"\u00bfPor Qu\u00e9 Elegirnos?\u2028Soluciones en Empaques Flexibles para Alimentos: Innovaci\u00f3n y Conservaci\u00f3n - Agraf","og_description":"Empaques Flexibles","og_url":"https:\/\/agraf.co\/index.php\/2022\/11\/09\/por-que-elegirnos\/","og_site_name":"Agraf","article_published_time":"2022-11-09T19:49:31+00:00","article_modified_time":"2024-07-19T15:06:41+00:00","og_image":[{"width":380,"height":245,"url":"https:\/\/agraf.co\/wp-content\/uploads\/2024\/07\/Blog_Personal1.png","type":"image\/png"}],"author":"agrafco","twitter_card":"summary_large_image","twitter_misc":{"Escrito por":"agrafco","Tiempo de lectura":"3 minutos"},"schema":{"@context":"https:\/\/schema.org","@graph":[{"@type":"Article","@id":"https:\/\/agraf.co\/index.php\/2022\/11\/09\/por-que-elegirnos\/#article","isPartOf":{"@id":"https:\/\/agraf.co\/index.php\/2022\/11\/09\/por-que-elegirnos\/"},"author":{"name":"agrafco","@id":"https:\/\/agraf.co\/#\/schema\/person\/b35b1a9572981da507dcc7d3a913281f"},"headline":"\u00bfPor Qu\u00e9 Elegirnos?\u2028Soluciones en Empaques Flexibles para Alimentos: Innovaci\u00f3n y Conservaci\u00f3n","datePublished":"2022-11-09T19:49:31+00:00","dateModified":"2024-07-19T15:06:41+00:00","mainEntityOfPage":{"@id":"https:\/\/agraf.co\/index.php\/2022\/11\/09\/por-que-elegirnos\/"},"wordCount":591,"publisher":{"@id":"https:\/\/agraf.co\/#organization"},"image":{"@id":"https:\/\/agraf.co\/index.php\/2022\/11\/09\/por-que-elegirnos\/#primaryimage"},"thumbnailUrl":"https:\/\/agraf.co\/wp-content\/uploads\/2024\/07\/Blog_Personal1.png","articleSection":["\u00bfPor que elegirnos?"],"inLanguage":"es-CO"},{"@type":"WebPage","@id":"https:\/\/agraf.co\/index.php\/2022\/11\/09\/por-que-elegirnos\/","url":"https:\/\/agraf.co\/index.php\/2022\/11\/09\/por-que-elegirnos\/","name":"\u00bfPor Qu\u00e9 Elegirnos?\u2028Soluciones en Empaques Flexibles para Alimentos: Innovaci\u00f3n y Conservaci\u00f3n - Agraf","isPartOf":{"@id":"https:\/\/agraf.co\/#website"},"primaryImageOfPage":{"@id":"https:\/\/agraf.co\/index.php\/2022\/11\/09\/por-que-elegirnos\/#primaryimage"},"image":{"@id":"https:\/\/agraf.co\/index.php\/2022\/11\/09\/por-que-elegirnos\/#primaryimage"},"thumbnailUrl":"https:\/\/agraf.co\/wp-content\/uploads\/2024\/07\/Blog_Personal1.png","datePublished":"2022-11-09T19:49:31+00:00","dateModified":"2024-07-19T15:06:41+00:00","description":"Empaques Flexibles","breadcrumb":{"@id":"https:\/\/agraf.co\/index.php\/2022\/11\/09\/por-que-elegirnos\/#breadcrumb"},"inLanguage":"es-CO","potentialAction":[{"@type":"ReadAction","target":["https:\/\/agraf.co\/index.php\/2022\/11\/09\/por-que-elegirnos\/"]}]},{"@type":"ImageObject","inLanguage":"es-CO","@id":"https:\/\/agraf.co\/index.php\/2022\/11\/09\/por-que-elegirnos\/#primaryimage","url":"https:\/\/agraf.co\/wp-content\/uploads\/2024\/07\/Blog_Personal1.png","contentUrl":"https:\/\/agraf.co\/wp-content\/uploads\/2024\/07\/Blog_Personal1.png","width":380,"height":245},{"@type":"BreadcrumbList","@id":"https:\/\/agraf.co\/index.php\/2022\/11\/09\/por-que-elegirnos\/#breadcrumb","itemListElement":[{"@type":"ListItem","position":1,"name":"Inicio","item":"https:\/\/agraf.co\/"},{"@type":"ListItem","position":2,"name":"\u00bfPor Qu\u00e9 Elegirnos?\u2028Soluciones en Empaques Flexibles para Alimentos: Innovaci\u00f3n y Conservaci\u00f3n"}]},{"@type":"WebSite","@id":"https:\/\/agraf.co\/#website","url":"https:\/\/agraf.co\/","name":"Agraf Industrial SAS","description":"","publisher":{"@id":"https:\/\/agraf.co\/#organization"},"potentialAction":[{"@type":"SearchAction","target":{"@type":"EntryPoint","urlTemplate":"https:\/\/agraf.co\/?s={search_term_string}"},"query-input":{"@type":"PropertyValueSpecification","valueRequired":true,"valueName":"search_term_string"}}],"inLanguage":"es-CO"},{"@type":"Organization","@id":"https:\/\/agraf.co\/#organization","name":"Agraf Industrial SAS","url":"https:\/\/agraf.co\/","logo":{"@type":"ImageObject","inLanguage":"es-CO","@id":"https:\/\/agraf.co\/#\/schema\/logo\/image\/","url":"https:\/\/agraf.co\/wp-content\/uploads\/2021\/03\/ai_logo1-1.png","contentUrl":"https:\/\/agraf.co\/wp-content\/uploads\/2021\/03\/ai_logo1-1.png","width":70,"height":70,"caption":"Agraf Industrial SAS"},"image":{"@id":"https:\/\/agraf.co\/#\/schema\/logo\/image\/"}},{"@type":"Person","@id":"https:\/\/agraf.co\/#\/schema\/person\/b35b1a9572981da507dcc7d3a913281f","name":"agrafco","image":{"@type":"ImageObject","inLanguage":"es-CO","@id":"https:\/\/secure.gravatar.com\/avatar\/694dd6a81624954c0e4e359f248580231f3180aca6173c03846743d5968fb715?s=96&d=mm&r=g","url":"https:\/\/secure.gravatar.com\/avatar\/694dd6a81624954c0e4e359f248580231f3180aca6173c03846743d5968fb715?s=96&d=mm&r=g","contentUrl":"https:\/\/secure.gravatar.com\/avatar\/694dd6a81624954c0e4e359f248580231f3180aca6173c03846743d5968fb715?s=96&d=mm&r=g","caption":"agrafco"},"url":"https:\/\/agraf.co\/index.php\/author\/agrafco\/"}]}},"_links":{"self":[{"href":"https:\/\/agraf.co\/index.php\/wp-json\/wp\/v2\/posts\/1391","targetHints":{"allow":["GET"]}}],"collection":[{"href":"https:\/\/agraf.co\/index.php\/wp-json\/wp\/v2\/posts"}],"about":[{"href":"https:\/\/agraf.co\/index.php\/wp-json\/wp\/v2\/types\/post"}],"author":[{"embeddable":true,"href":"https:\/\/agraf.co\/index.php\/wp-json\/wp\/v2\/users\/1"}],"replies":[{"embeddable":true,"href":"https:\/\/agraf.co\/index.php\/wp-json\/wp\/v2\/comments?post=1391"}],"version-history":[{"count":95,"href":"https:\/\/agraf.co\/index.php\/wp-json\/wp\/v2\/posts\/1391\/revisions"}],"predecessor-version":[{"id":3883,"href":"https:\/\/agraf.co\/index.php\/wp-json\/wp\/v2\/posts\/1391\/revisions\/3883"}],"wp:featuredmedia":[{"embeddable":true,"href":"https:\/\/agraf.co\/index.php\/wp-json\/wp\/v2\/media\/3613"}],"wp:attachment":[{"href":"https:\/\/agraf.co\/index.php\/wp-json\/wp\/v2\/media?parent=1391"}],"wp:term":[{"taxonomy":"category","embeddable":true,"href":"https:\/\/agraf.co\/index.php\/wp-json\/wp\/v2\/categories?post=1391"},{"taxonomy":"post_tag","embeddable":true,"href":"https:\/\/agraf.co\/index.php\/wp-json\/wp\/v2\/tags?post=1391"}],"curies":[{"name":"wp","href":"https:\/\/api.w.org\/{rel}","templated":true}]}}